{"id":754,"date":"2026-03-19T09:34:13","date_gmt":"2026-03-19T08:34:13","guid":{"rendered":"https:\/\/feriadecuchilleriademadrid.com\/?p=754"},"modified":"2026-03-19T09:49:56","modified_gmt":"2026-03-19T08:49:56","slug":"la-seleccion-que-presentara-esteller-en-la-feria-es-innolvidable","status":"publish","type":"post","link":"https:\/\/feriadecuchilleriademadrid.com\/index.php\/2026\/03\/19\/la-seleccion-que-presentara-esteller-en-la-feria-es-innolvidable\/","title":{"rendered":"La selecci\u00f3n que presentar\u00e1 Esteller en la Feria es innolvidable"},"content":{"rendered":"\t\t<div data-elementor-type=\"wp-post\" data-elementor-id=\"754\" class=\"elementor elementor-754\">\n\t\t\t\t<div class=\"elementor-element elementor-element-122d5c1 e-grid e-con-boxed e-con e-parent\" data-id=\"122d5c1\" data-element_type=\"container\">\n\t\t\t\t\t<div class=\"e-con-inner\">\n\t\t\t\t<div class=\"elementor-element elementor-element-a95e0ae elementor-widget elementor-widget-image\" data-id=\"a95e0ae\" data-element_type=\"widget\" data-widget_type=\"image.default\">\n\t\t\t\t<div class=\"elementor-widget-container\">\n\t\t\t\t\t\t\t\t\t\t\t\t\t\t<a href=\"http:\/\/feriadecuchilleriademadrid.com\/wp-content\/uploads\/2026\/03\/IG-14-ESTELLER.jpg\" data-elementor-open-lightbox=\"yes\" data-elementor-lightbox-title=\"IG 14 ESTELLER\" data-e-action-hash=\"#elementor-action%3Aaction%3Dlightbox%26settings%3DeyJpZCI6NzQ5LCJ1cmwiOiJodHRwczpcL1wvZmVyaWFkZWN1Y2hpbGxlcmlhZGVtYWRyaWQuY29tXC93cC1jb250ZW50XC91cGxvYWRzXC8yMDI2XC8wM1wvSUctMTQtRVNURUxMRVIuanBnIn0%3D\">\n\t\t\t\t\t\t\t<img fetchpriority=\"high\" decoding=\"async\" width=\"240\" height=\"300\" src=\"https:\/\/feriadecuchilleriademadrid.com\/wp-content\/uploads\/2026\/03\/IG-14-ESTELLER-240x300.jpg\" class=\"attachment-medium size-medium wp-image-749\" alt=\"\" srcset=\"https:\/\/feriadecuchilleriademadrid.com\/wp-content\/uploads\/2026\/03\/IG-14-ESTELLER-240x300.jpg 240w, https:\/\/feriadecuchilleriademadrid.com\/wp-content\/uploads\/2026\/03\/IG-14-ESTELLER-819x1024.jpg 819w, https:\/\/feriadecuchilleriademadrid.com\/wp-content\/uploads\/2026\/03\/IG-14-ESTELLER-768x960.jpg 768w, https:\/\/feriadecuchilleriademadrid.com\/wp-content\/uploads\/2026\/03\/IG-14-ESTELLER.jpg 1080w\" sizes=\"(max-width: 240px) 100vw, 240px\" \/>\t\t\t\t\t\t\t\t<\/a>\n\t\t\t\t\t\t\t\t\t\t\t\t\t<\/div>\n\t\t\t\t<\/div>\n\t\t\t\t<div class=\"elementor-element elementor-element-e02b35d elementor-widget elementor-widget-image\" data-id=\"e02b35d\" data-element_type=\"widget\" data-widget_type=\"image.default\">\n\t\t\t\t<div class=\"elementor-widget-container\">\n\t\t\t\t\t\t\t\t\t\t\t\t\t\t<a href=\"http:\/\/feriadecuchilleriademadrid.com\/wp-content\/uploads\/2026\/03\/IG-15-ESTELLER.jpg\" data-elementor-open-lightbox=\"yes\" data-elementor-lightbox-title=\"IG 15 ESTELLER\" data-e-action-hash=\"#elementor-action%3Aaction%3Dlightbox%26settings%3DeyJpZCI6NzUwLCJ1cmwiOiJodHRwczpcL1wvZmVyaWFkZWN1Y2hpbGxlcmlhZGVtYWRyaWQuY29tXC93cC1jb250ZW50XC91cGxvYWRzXC8yMDI2XC8wM1wvSUctMTUtRVNURUxMRVIuanBnIn0%3D\">\n\t\t\t\t\t\t\t<img decoding=\"async\" width=\"240\" height=\"300\" src=\"https:\/\/feriadecuchilleriademadrid.com\/wp-content\/uploads\/2026\/03\/IG-15-ESTELLER-240x300.jpg\" class=\"attachment-medium size-medium wp-image-750\" alt=\"\" srcset=\"https:\/\/feriadecuchilleriademadrid.com\/wp-content\/uploads\/2026\/03\/IG-15-ESTELLER-240x300.jpg 240w, https:\/\/feriadecuchilleriademadrid.com\/wp-content\/uploads\/2026\/03\/IG-15-ESTELLER-819x1024.jpg 819w, https:\/\/feriadecuchilleriademadrid.com\/wp-content\/uploads\/2026\/03\/IG-15-ESTELLER-768x960.jpg 768w, https:\/\/feriadecuchilleriademadrid.com\/wp-content\/uploads\/2026\/03\/IG-15-ESTELLER.jpg 1080w\" sizes=\"(max-width: 240px) 100vw, 240px\" \/>\t\t\t\t\t\t\t\t<\/a>\n\t\t\t\t\t\t\t\t\t\t\t\t\t<\/div>\n\t\t\t\t<\/div>\n\t\t\t\t<div class=\"elementor-element elementor-element-9e01de6 elementor-widget elementor-widget-image\" data-id=\"9e01de6\" data-element_type=\"widget\" data-widget_type=\"image.default\">\n\t\t\t\t<div class=\"elementor-widget-container\">\n\t\t\t\t\t\t\t\t\t\t\t\t\t\t<a href=\"http:\/\/feriadecuchilleriademadrid.com\/wp-content\/uploads\/2026\/03\/IG-16-ESTELLER.jpg\" data-elementor-open-lightbox=\"yes\" data-elementor-lightbox-title=\"IG 16 ESTELLER\" data-e-action-hash=\"#elementor-action%3Aaction%3Dlightbox%26settings%3DeyJpZCI6NzUyLCJ1cmwiOiJodHRwczpcL1wvZmVyaWFkZWN1Y2hpbGxlcmlhZGVtYWRyaWQuY29tXC93cC1jb250ZW50XC91cGxvYWRzXC8yMDI2XC8wM1wvSUctMTYtRVNURUxMRVIuanBnIn0%3D\">\n\t\t\t\t\t\t\t<img decoding=\"async\" width=\"240\" height=\"300\" src=\"https:\/\/feriadecuchilleriademadrid.com\/wp-content\/uploads\/2026\/03\/IG-16-ESTELLER-240x300.jpg\" class=\"attachment-medium size-medium wp-image-752\" alt=\"\" srcset=\"https:\/\/feriadecuchilleriademadrid.com\/wp-content\/uploads\/2026\/03\/IG-16-ESTELLER-240x300.jpg 240w, https:\/\/feriadecuchilleriademadrid.com\/wp-content\/uploads\/2026\/03\/IG-16-ESTELLER-819x1024.jpg 819w, https:\/\/feriadecuchilleriademadrid.com\/wp-content\/uploads\/2026\/03\/IG-16-ESTELLER-768x960.jpg 768w, https:\/\/feriadecuchilleriademadrid.com\/wp-content\/uploads\/2026\/03\/IG-16-ESTELLER.jpg 1080w\" sizes=\"(max-width: 240px) 100vw, 240px\" \/>\t\t\t\t\t\t\t\t<\/a>\n\t\t\t\t\t\t\t\t\t\t\t\t\t<\/div>\n\t\t\t\t<\/div>\n\t\t\t\t<div class=\"elementor-element elementor-element-1ec7a3e elementor-widget elementor-widget-image\" data-id=\"1ec7a3e\" data-element_type=\"widget\" data-widget_type=\"image.default\">\n\t\t\t\t<div class=\"elementor-widget-container\">\n\t\t\t\t\t\t\t\t\t\t\t\t\t\t<a href=\"http:\/\/feriadecuchilleriademadrid.com\/wp-content\/uploads\/2026\/03\/IG-17-ESTELLER.jpg\" data-elementor-open-lightbox=\"yes\" data-elementor-lightbox-title=\"IG 17 ESTELLER\" data-e-action-hash=\"#elementor-action%3Aaction%3Dlightbox%26settings%3DeyJpZCI6NzUxLCJ1cmwiOiJodHRwczpcL1wvZmVyaWFkZWN1Y2hpbGxlcmlhZGVtYWRyaWQuY29tXC93cC1jb250ZW50XC91cGxvYWRzXC8yMDI2XC8wM1wvSUctMTctRVNURUxMRVIuanBnIn0%3D\">\n\t\t\t\t\t\t\t<img loading=\"lazy\" decoding=\"async\" width=\"240\" height=\"300\" src=\"https:\/\/feriadecuchilleriademadrid.com\/wp-content\/uploads\/2026\/03\/IG-17-ESTELLER-240x300.jpg\" class=\"attachment-medium size-medium wp-image-751\" alt=\"\" srcset=\"https:\/\/feriadecuchilleriademadrid.com\/wp-content\/uploads\/2026\/03\/IG-17-ESTELLER-240x300.jpg 240w, https:\/\/feriadecuchilleriademadrid.com\/wp-content\/uploads\/2026\/03\/IG-17-ESTELLER-819x1024.jpg 819w, https:\/\/feriadecuchilleriademadrid.com\/wp-content\/uploads\/2026\/03\/IG-17-ESTELLER-768x960.jpg 768w, https:\/\/feriadecuchilleriademadrid.com\/wp-content\/uploads\/2026\/03\/IG-17-ESTELLER.jpg 1080w\" sizes=\"(max-width: 240px) 100vw, 240px\" \/>\t\t\t\t\t\t\t\t<\/a>\n\t\t\t\t\t\t\t\t\t\t\t\t\t<\/div>\n\t\t\t\t<\/div>\n\t\t\t\t\t<\/div>\n\t\t\t\t<\/div>\n\t\t<div class=\"elementor-element elementor-element-da9967b e-flex e-con-boxed e-con e-parent\" data-id=\"da9967b\" data-element_type=\"container\">\n\t\t\t\t\t<div class=\"e-con-inner\">\n\t\t\t\t<div class=\"elementor-element elementor-element-6ad2ae0 elementor-widget elementor-widget-text-editor\" data-id=\"6ad2ae0\" data-element_type=\"widget\" data-widget_type=\"text-editor.default\">\n\t\t\t\t<div class=\"elementor-widget-container\">\n\t\t\t\t\t\t\t<p data-path-to-node=\"0\">Este es un an\u00e1lisis detallado de la selecci\u00f3n de navajas Spyderco distribuidas por Esteller, destacando sus innovaciones en materiales y dise\u00f1os especializados para diferentes necesidades.<\/p><h5 data-path-to-node=\"1\"><b data-path-to-node=\"1\" data-index-in-node=\"0\">Spyderco Harpy Acero Inoxidable<\/b><\/h5><p data-path-to-node=\"2\">Este modelo es una de las piezas m\u00e1s ic\u00f3nicas y especializadas de la marca. Su rasgo m\u00e1s distintivo es la hoja tipo Hawkbill o tranchete, dise\u00f1ada con una curvatura que imita la garra de un ave rapaz. Esta forma permite que el material cortado quede atrapado contra el filo, evitando que se deslice hacia afuera, lo que la hace excepcionalmente eficiente para cortar cuerdas, redes y materiales fibrosos.<\/p><p data-path-to-node=\"3\">La construcci\u00f3n es \u00edntegramente en acero inoxidable, tanto en la hoja de acero VG-10 como en el mango, lo que le otorga una robustez superior y una gran resistencia a la corrosi\u00f3n en entornos marinos. Incorpora el sistema de bloqueo Back Lock en el lomo y un pr\u00e1ctico quitagrilletes integrado en el mango, reforzando su car\u00e1cter como herramienta n\u00e1utica y de rescate.<\/p><h5 data-path-to-node=\"4\"><b data-path-to-node=\"4\" data-index-in-node=\"0\">Spyderco Endura 4 CPM SPY27<\/b><\/h5><p data-path-to-node=\"5\">La Endura 4 representa uno de los pilares de la marca en cuanto a navajas de tama\u00f1o completo. Esta versi\u00f3n espec\u00edfica destaca por el uso del acero CPM SPY27, una aleaci\u00f3n pulvimetal\u00fargica desarrollada exclusivamente por Crucible Industries para Spyderco. Este acero ofrece un equilibrio superior entre dureza, retenci\u00f3n de filo y facilidad de afilado.<\/p><p data-path-to-node=\"6\">Su mango est\u00e1 fabricado en nylon reforzado con fibra de vidrio en un color azul cobalto caracter\u00edstico de esta serie de acero premium. El dise\u00f1o incluye una textura bidireccional que asegura un agarre firme incluso con manos mojadas. Es una navaja de grandes dimensiones pero sorprendentemente ligera, ideal para quienes buscan una herramienta de trabajo capaz de afrontar tareas exigentes con un alcance de hoja generoso.<\/p><h5 data-path-to-node=\"7\"><b data-path-to-node=\"7\" data-index-in-node=\"0\">Spyderco Delica 4 CPM SPY27<\/b><\/h5><p data-path-to-node=\"8\">Hermana menor de la Endura, la Delica 4 es considerada por muchos como la navaja de uso diario perfecta. Mantiene todas las innovaciones t\u00e9cnicas de la serie, incluyendo el acero exclusivo CPM SPY27 y las cachas de FRN en azul cobalto, pero en un formato m\u00e1s compacto y discreto.<\/p><p data-path-to-node=\"9\">Su hoja tiene un perfil recto y un amolado plano total que garantiza una geometr\u00eda de corte muy fina y precisa. Al igual que los otros modelos de esta familia, cuenta con un clip de bolsillo de cuatro posiciones y el mecanismo de bloqueo posterior. Es la opci\u00f3n predilecta para usuarios que necesitan una herramienta de alto rendimiento que no resulte voluminosa en el bolsillo.<\/p><h5 data-path-to-node=\"10\"><b data-path-to-node=\"10\" data-index-in-node=\"0\">Spyderco Dragonfly 2 CPM SPY27<\/b><\/h5><p data-path-to-node=\"11\">La Dragonfly 2 es una obra maestra de la ergonom\u00eda en peque\u00f1o formato. A pesar de sus dimensiones reducidas, su dise\u00f1o permite un agarre completo de cuatro dedos gracias a la combinaci\u00f3n de la dactilera en la base de la hoja y la forma del mango. Esta versi\u00f3n con acero CPM SPY27 eleva sus capacidades de corte a un nivel profesional.<\/p><p data-path-to-node=\"12\">Es extremadamente ligera, pesando menos de 40 gramos, lo que la convierte en una opci\u00f3n de transporte casi imperceptible. Su clip de alambre reversible es discreto y respeta el tejido del pantal\u00f3n, mientras que su hoja con acabado satinado ofrece una resistencia al desgaste excepcional para su tama\u00f1o.<\/p><h5 data-path-to-node=\"13\"><b data-path-to-node=\"13\" data-index-in-node=\"0\">Spyderco Manbug CPM SPY27<\/b><\/h5><p data-path-to-node=\"14\">Este modelo es la expresi\u00f3n m\u00ednima de la potencia de Spyderco. Dise\u00f1ada para llevarse en el llavero o en el bolsillo peque\u00f1o del pantal\u00f3n, la Manbug no sacrifica la capacidad de corte por el tama\u00f1o. Al integrar el acero CPM SPY27, transforma una navaja min\u00fascula en una herramienta de corte de alto rendimiento.<\/p><p data-path-to-node=\"15\">El mango en FRN azul cobalto proporciona una superficie antideslizante muy efectiva, y el orificio Round Hole permite una apertura sencilla a pesar de la escala del objeto. Es la soluci\u00f3n ideal para tareas cotidianas r\u00e1pidas donde se requiere un filo quir\u00fargico sin llevar una navaja convencional.<\/p><h5 data-path-to-node=\"16\"><b data-path-to-node=\"16\" data-index-in-node=\"0\">Spyderco Retract<\/b><\/h5><p data-path-to-node=\"17\">La Retract es una propuesta radicalmente diferente dise\u00f1ada por Ed Schempp. Se caracteriza por su ergonom\u00eda biomec\u00e1nica, presentando un \u00e1ngulo negativo entre la hoja y el mango que multiplica la fuerza aplicada en los cortes de tracci\u00f3n. Su geometr\u00eda se inspira en el tradicional Kukri, con una hoja recurvada que optimiza el contacto con la superficie de corte.<\/p><p data-path-to-node=\"18\">Utiliza acero inoxidable 9Cr18MoV y cuenta con cachas de G-10 texturizado montadas sobre forros de acero inoxidable. A diferencia de los modelos anteriores, emplea un sistema de bloqueo LinerLock y un dise\u00f1o pensado espec\u00edficamente para maximizar la potencia de corte en tareas de trabajo pesado o t\u00e1cticas, manteniendo un perfil plegable y portable.<\/p><h5 data-path-to-node=\"19\"><b data-path-to-node=\"19\" data-index-in-node=\"0\">Spyderco Metropolitan Lightweight<\/b><\/h5><p data-path-to-node=\"20\">Este modelo, fabricado en Italia, representa la elegancia y la sofisticaci\u00f3n urbana. Forma parte de la serie SLIPIT, lo que significa que utiliza un sistema de muelle sin bloqueo convencional, facilitando su uso en regiones con normativas legales m\u00e1s estrictas sobre navajas de bloqueo.<\/p><p data-path-to-node=\"21\">Lo m\u00e1s destacable de la Metropolitan es su hoja de acero B\u00f6hler M398, un material de gama ultra alta conocido por una retenci\u00f3n de filo y dureza extremas. Con un peso de solo 45 gramos y un dise\u00f1o estilizado tipo leaf shape, es una herramienta refinada para entornos de oficina o uso urbano cotidiano donde se valora la ligereza extrema y la calidad de los materiales sin renunciar a la seguridad que ofrece un muelle firme.<\/p>\t\t\t\t\t\t<\/div>\n\t\t\t\t<\/div>\n\t\t\t\t\t<\/div>\n\t\t\t\t<\/div>\n\t\t\t\t<\/div>\n\t\t","protected":false},"excerpt":{"rendered":"<p>Este es un an\u00e1lisis detallado de la selecci\u00f3n de navajas Spyderco distribuidas por Esteller, destacando sus innovaciones en materiales y dise\u00f1os especializados para diferentes necesidades.<\/p>\n","protected":false},"author":1,"featured_media":755,"comment_status":"open","ping_status":"open","sticky":false,"template":"","format":"standard","meta":{"_themeisle_gutenberg_block_has_review":false,"footnotes":""},"categories":[3],"tags":[],"class_list":["post-754","post","type-post","status-publish","format-standard","has-post-thumbnail","hentry","category-colaboradores"],"_links":{"self":[{"href":"https:\/\/feriadecuchilleriademadrid.com\/index.php\/wp-json\/wp\/v2\/posts\/754","targetHints":{"allow":["GET"]}}],"collection":[{"href":"https:\/\/feriadecuchilleriademadrid.com\/index.php\/wp-json\/wp\/v2\/posts"}],"about":[{"href":"https:\/\/feriadecuchilleriademadrid.com\/index.php\/wp-json\/wp\/v2\/types\/post"}],"author":[{"embeddable":true,"href":"https:\/\/feriadecuchilleriademadrid.com\/index.php\/wp-json\/wp\/v2\/users\/1"}],"replies":[{"embeddable":true,"href":"https:\/\/feriadecuchilleriademadrid.com\/index.php\/wp-json\/wp\/v2\/comments?post=754"}],"version-history":[{"count":5,"href":"https:\/\/feriadecuchilleriademadrid.com\/index.php\/wp-json\/wp\/v2\/posts\/754\/revisions"}],"predecessor-version":[{"id":764,"href":"https:\/\/feriadecuchilleriademadrid.com\/index.php\/wp-json\/wp\/v2\/posts\/754\/revisions\/764"}],"wp:featuredmedia":[{"embeddable":true,"href":"https:\/\/feriadecuchilleriademadrid.com\/index.php\/wp-json\/wp\/v2\/media\/755"}],"wp:attachment":[{"href":"https:\/\/feriadecuchilleriademadrid.com\/index.php\/wp-json\/wp\/v2\/media?parent=754"}],"wp:term":[{"taxonomy":"category","embeddable":true,"href":"https:\/\/feriadecuchilleriademadrid.com\/index.php\/wp-json\/wp\/v2\/categories?post=754"},{"taxonomy":"post_tag","embeddable":true,"href":"https:\/\/feriadecuchilleriademadrid.com\/index.php\/wp-json\/wp\/v2\/tags?post=754"}],"curies":[{"name":"wp","href":"https:\/\/api.w.org\/{rel}","templated":true}]}}