{"id":743,"date":"2026-03-19T09:29:29","date_gmt":"2026-03-19T08:29:29","guid":{"rendered":"https:\/\/feriadecuchilleriademadrid.com\/?p=743"},"modified":"2026-03-19T09:44:29","modified_gmt":"2026-03-19T08:44:29","slug":"el-mapa-de-tesoro-ya-esta-aqui","status":"publish","type":"post","link":"https:\/\/feriadecuchilleriademadrid.com\/index.php\/2026\/03\/19\/el-mapa-de-tesoro-ya-esta-aqui\/","title":{"rendered":"El mapa de tesoro ya esta aqu\u00ed!!"},"content":{"rendered":"\t\t<div data-elementor-type=\"wp-post\" data-elementor-id=\"743\" class=\"elementor elementor-743\">\n\t\t\t\t<div class=\"elementor-element elementor-element-d7b67a5 e-flex e-con-boxed e-con e-parent\" data-id=\"d7b67a5\" data-element_type=\"container\">\n\t\t\t\t\t<div class=\"e-con-inner\">\n\t\t\t\t<div class=\"elementor-element elementor-element-f3ab9c7 elementor-widget elementor-widget-image\" data-id=\"f3ab9c7\" data-element_type=\"widget\" data-widget_type=\"image.default\">\n\t\t\t\t<div class=\"elementor-widget-container\">\n\t\t\t\t\t\t\t\t\t\t\t\t\t\t<a href=\"http:\/\/feriadecuchilleriademadrid.com\/wp-content\/uploads\/2026\/03\/PLANO-OK-EXPOSITORES-IMPRIMIR-Y-WEB.jpg\" data-elementor-open-lightbox=\"yes\" data-elementor-lightbox-title=\"PLANO OK EXPOSITORES IMPRIMIR Y WEB\" data-e-action-hash=\"#elementor-action%3Aaction%3Dlightbox%26settings%3DeyJpZCI6NzQ4LCJ1cmwiOiJodHRwczpcL1wvZmVyaWFkZWN1Y2hpbGxlcmlhZGVtYWRyaWQuY29tXC93cC1jb250ZW50XC91cGxvYWRzXC8yMDI2XC8wM1wvUExBTk8tT0stRVhQT1NJVE9SRVMtSU1QUklNSVItWS1XRUIuanBnIn0%3D\">\n\t\t\t\t\t\t\t<img fetchpriority=\"high\" decoding=\"async\" width=\"355\" height=\"250\" src=\"https:\/\/feriadecuchilleriademadrid.com\/wp-content\/uploads\/2026\/03\/PLANO-OK-EXPOSITORES-IMPRIMIR-Y-WEB-768x541.jpg\" class=\"attachment-medium_large size-medium_large wp-image-748\" alt=\"\" srcset=\"https:\/\/feriadecuchilleriademadrid.com\/wp-content\/uploads\/2026\/03\/PLANO-OK-EXPOSITORES-IMPRIMIR-Y-WEB-768x541.jpg 768w, https:\/\/feriadecuchilleriademadrid.com\/wp-content\/uploads\/2026\/03\/PLANO-OK-EXPOSITORES-IMPRIMIR-Y-WEB-300x211.jpg 300w, https:\/\/feriadecuchilleriademadrid.com\/wp-content\/uploads\/2026\/03\/PLANO-OK-EXPOSITORES-IMPRIMIR-Y-WEB-1024x722.jpg 1024w, https:\/\/feriadecuchilleriademadrid.com\/wp-content\/uploads\/2026\/03\/PLANO-OK-EXPOSITORES-IMPRIMIR-Y-WEB-1536x1083.jpg 1536w, https:\/\/feriadecuchilleriademadrid.com\/wp-content\/uploads\/2026\/03\/PLANO-OK-EXPOSITORES-IMPRIMIR-Y-WEB-2048x1444.jpg 2048w, https:\/\/feriadecuchilleriademadrid.com\/wp-content\/uploads\/2026\/03\/PLANO-OK-EXPOSITORES-IMPRIMIR-Y-WEB-1440x1015.jpg 1440w\" sizes=\"(max-width: 355px) 100vw, 355px\" \/>\t\t\t\t\t\t\t\t<\/a>\n\t\t\t\t\t\t\t\t\t\t\t\t\t<\/div>\n\t\t\t\t<\/div>\n\t\t\t\t\t<\/div>\n\t\t\t\t<\/div>\n\t\t<div class=\"elementor-element elementor-element-89af932 e-flex e-con-boxed e-con e-parent\" data-id=\"89af932\" data-element_type=\"container\">\n\t\t\t\t\t<div class=\"e-con-inner\">\n\t\t\t\t<div class=\"elementor-element elementor-element-c00788e elementor-widget elementor-widget-text-editor\" data-id=\"c00788e\" data-element_type=\"widget\" data-widget_type=\"text-editor.default\">\n\t\t\t\t<div class=\"elementor-widget-container\">\n\t\t\t\t\t\t\t<p data-path-to-node=\"3\">Maestros del acero. Sabemos que el olor a fragua y el sonido de la lijadora no han parado en estos d\u00edas. El Knife Show Madrid 2026 est\u00e1 a la vuelta de la esquina y la sala ya tiene forma.<\/p><p data-path-to-node=\"4\">\u00bfQuieres saber d\u00f3nde vas a desplegar tu arte? Ya hemos colgado los sitios asignados para cada expositor. No hace falta que saques la br\u00fajula, solo echa un ojo a las listas para ubicar tus coordenadas exactas en el evento.<\/p><p data-path-to-node=\"5\">Sabemos que est\u00e1is dando los \u00faltimos toques y terminando vuestras mejores piezas para presentar en Madrid. Nos vemos muy pronto en vuestro puesto asignado para hacer historia.<\/p><p data-path-to-node=\"6\">Afilen los detalles, que ya casi estamos.<\/p>\t\t\t\t\t\t<\/div>\n\t\t\t\t<\/div>\n\t\t\t\t\t<\/div>\n\t\t\t\t<\/div>\n\t\t\t\t<\/div>\n\t\t","protected":false},"excerpt":{"rendered":"<p>El montaje del Knife Show Madrid 2026 ya es una realidad y la distribuci\u00f3n de la sala ha sido finalizada, ent\u00e9rate de todo aqu\u00ed.<\/p>\n","protected":false},"author":1,"featured_media":747,"comment_status":"open","ping_status":"open","sticky":false,"template":"","format":"standard","meta":{"_themeisle_gutenberg_block_has_review":false,"footnotes":""},"categories":[1],"tags":[],"class_list":["post-743","post","type-post","status-publish","format-standard","has-post-thumbnail","hentry","category-carteles"],"_links":{"self":[{"href":"https:\/\/feriadecuchilleriademadrid.com\/index.php\/wp-json\/wp\/v2\/posts\/743","targetHints":{"allow":["GET"]}}],"collection":[{"href":"https:\/\/feriadecuchilleriademadrid.com\/index.php\/wp-json\/wp\/v2\/posts"}],"about":[{"href":"https:\/\/feriadecuchilleriademadrid.com\/index.php\/wp-json\/wp\/v2\/types\/post"}],"author":[{"embeddable":true,"href":"https:\/\/feriadecuchilleriademadrid.com\/index.php\/wp-json\/wp\/v2\/users\/1"}],"replies":[{"embeddable":true,"href":"https:\/\/feriadecuchilleriademadrid.com\/index.php\/wp-json\/wp\/v2\/comments?post=743"}],"version-history":[{"count":6,"href":"https:\/\/feriadecuchilleriademadrid.com\/index.php\/wp-json\/wp\/v2\/posts\/743\/revisions"}],"predecessor-version":[{"id":763,"href":"https:\/\/feriadecuchilleriademadrid.com\/index.php\/wp-json\/wp\/v2\/posts\/743\/revisions\/763"}],"wp:featuredmedia":[{"embeddable":true,"href":"https:\/\/feriadecuchilleriademadrid.com\/index.php\/wp-json\/wp\/v2\/media\/747"}],"wp:attachment":[{"href":"https:\/\/feriadecuchilleriademadrid.com\/index.php\/wp-json\/wp\/v2\/media?parent=743"}],"wp:term":[{"taxonomy":"category","embeddable":true,"href":"https:\/\/feriadecuchilleriademadrid.com\/index.php\/wp-json\/wp\/v2\/categories?post=743"},{"taxonomy":"post_tag","embeddable":true,"href":"https:\/\/feriadecuchilleriademadrid.com\/index.php\/wp-json\/wp\/v2\/tags?post=743"}],"curies":[{"name":"wp","href":"https:\/\/api.w.org\/{rel}","templated":true}]}}