{"id":721,"date":"2026-03-10T11:48:34","date_gmt":"2026-03-10T10:48:34","guid":{"rendered":"https:\/\/feriadecuchilleriademadrid.com\/?p=721"},"modified":"2026-03-10T11:59:30","modified_gmt":"2026-03-10T10:59:30","slug":"el-arte-del-afilado-japones-analisis-de-la-piedra-yasunari-grano-1000-6000","status":"publish","type":"post","link":"https:\/\/feriadecuchilleriademadrid.com\/index.php\/2026\/03\/10\/el-arte-del-afilado-japones-analisis-de-la-piedra-yasunari-grano-1000-6000\/","title":{"rendered":"El arte del afilado japon\u00e9s: An\u00e1lisis de la piedra Yasunari Grano 1000\/6000"},"content":{"rendered":"\t\t<div data-elementor-type=\"wp-post\" data-elementor-id=\"721\" class=\"elementor elementor-721\">\n\t\t\t\t<div class=\"elementor-element elementor-element-52522d7d e-flex e-con-boxed e-con e-parent\" data-id=\"52522d7d\" data-element_type=\"container\">\n\t\t\t\t\t<div class=\"e-con-inner\">\n\t\t\t\t<div class=\"elementor-element elementor-element-2cc4abaa elementor-widget elementor-widget-text-editor\" data-id=\"2cc4abaa\" data-element_type=\"widget\" data-widget_type=\"text-editor.default\">\n\t\t\t\t<div class=\"elementor-widget-container\">\n\t\t\t\t\t\t\t<!-- wp:heading {\"className\":\"\"} -->\n<h2 class=\"wp-block-heading\"><\/h2>\n<!-- \/wp:heading -->\n\n<!-- wp:paragraph -->\n<p><\/p>\n<!-- \/wp:paragraph -->\t\t\t\t\t\t<\/div>\n\t\t\t\t<\/div>\n\t\t\t\t\t<\/div>\n\t\t\t\t<\/div>\n\t\t<div class=\"elementor-element elementor-element-327e8ec e-flex e-con-boxed e-con e-parent\" data-id=\"327e8ec\" data-element_type=\"container\">\n\t\t\t\t\t<div class=\"e-con-inner\">\n\t\t<div class=\"elementor-element elementor-element-1d21527 e-con-full e-flex e-con e-child\" data-id=\"1d21527\" data-element_type=\"container\">\n\t\t\t\t<div class=\"elementor-element elementor-element-ecfda38 elementor-widget elementor-widget-image\" data-id=\"ecfda38\" data-element_type=\"widget\" data-widget_type=\"image.default\">\n\t\t\t\t<div class=\"elementor-widget-container\">\n\t\t\t\t\t\t\t\t\t\t\t\t\t\t<a href=\"http:\/\/feriadecuchilleriademadrid.com\/wp-content\/uploads\/2026\/03\/IG-13-COMERCIAL-PASOS.png\" data-elementor-open-lightbox=\"yes\" data-elementor-lightbox-title=\"IG 13 COMERCIAL PASOS\" data-e-action-hash=\"#elementor-action%3Aaction%3Dlightbox%26settings%3DeyJpZCI6NzIzLCJ1cmwiOiJodHRwOlwvXC9mZXJpYWRlY3VjaGlsbGVyaWFkZW1hZHJpZC5jb21cL3dwLWNvbnRlbnRcL3VwbG9hZHNcLzIwMjZcLzAzXC9JRy0xMy1DT01FUkNJQUwtUEFTT1MucG5nIn0%3D\">\n\t\t\t\t\t\t\t<img fetchpriority=\"high\" decoding=\"async\" width=\"240\" height=\"300\" src=\"http:\/\/feriadecuchilleriademadrid.com\/wp-content\/uploads\/2026\/03\/IG-13-COMERCIAL-PASOS-240x300.png\" class=\"attachment-medium size-medium wp-image-723\" alt=\"\" srcset=\"http:\/\/feriadecuchilleriademadrid.com\/wp-content\/uploads\/2026\/03\/IG-13-COMERCIAL-PASOS-240x300.png 240w, http:\/\/feriadecuchilleriademadrid.com\/wp-content\/uploads\/2026\/03\/IG-13-COMERCIAL-PASOS-819x1024.png 819w, http:\/\/feriadecuchilleriademadrid.com\/wp-content\/uploads\/2026\/03\/IG-13-COMERCIAL-PASOS-768x960.png 768w, http:\/\/feriadecuchilleriademadrid.com\/wp-content\/uploads\/2026\/03\/IG-13-COMERCIAL-PASOS.png 1080w\" sizes=\"(max-width: 240px) 100vw, 240px\" \/>\t\t\t\t\t\t\t\t<\/a>\n\t\t\t\t\t\t\t\t\t\t\t\t\t<\/div>\n\t\t\t\t<\/div>\n\t\t\t\t<\/div>\n\t\t<div class=\"elementor-element elementor-element-019ac64 e-con-full e-flex e-con e-child\" data-id=\"019ac64\" data-element_type=\"container\">\n\t\t\t\t<div class=\"elementor-element elementor-element-a6f5e2b elementor-widget elementor-widget-text-editor\" data-id=\"a6f5e2b\" data-element_type=\"widget\" data-widget_type=\"text-editor.default\">\n\t\t\t\t<div class=\"elementor-widget-container\">\n\t\t\t\t\t\t\t<p>Mantener las herramientas de corte en perfectas condiciones no es solo una cuesti\u00f3n de eficiencia, sino tambi\u00e9n de seguridad y respeto por el material que trabajamos. Para los entusiastas de la ebanister\u00eda, la carpinter\u00eda y la cocina de precisi\u00f3n, la elecci\u00f3n de la piedra de afilado es determinante. Hoy analizamos en detalle la piedra japonesa premium de corind\u00f3n Yasunari, una soluci\u00f3n vers\u00e1til que combina dos etapas cr\u00edticas del proceso en una sola pieza.<\/p>\t\t\t\t\t\t<\/div>\n\t\t\t\t<\/div>\n\t\t\t\t<\/div>\n\t\t\t\t\t<\/div>\n\t\t\t\t<\/div>\n\t\t<div class=\"elementor-element elementor-element-367fde6 e-flex e-con-boxed e-con e-parent\" data-id=\"367fde6\" data-element_type=\"container\">\n\t\t\t\t\t<div class=\"e-con-inner\">\n\t\t\t\t<div class=\"elementor-element elementor-element-98b0cb1 elementor-widget elementor-widget-text-editor\" data-id=\"98b0cb1\" data-element_type=\"widget\" data-widget_type=\"text-editor.default\">\n\t\t\t\t<div class=\"elementor-widget-container\">\n\t\t\t\t\t\t\t<h5 data-path-to-node=\"4\">Versatilidad en dos etapas: Grano 1000 y 6000<\/h5>\n<p data-path-to-node=\"5\">La principal ventaja de este modelo es su configuraci\u00f3n de doble cara, dise\u00f1ada para cubrir desde el mantenimiento regular hasta el pulido final de alta gama.<\/p>\n<ul data-path-to-node=\"6\">\n<li>\n<p data-path-to-node=\"6,0,0\"><b data-path-to-node=\"6,0,0\" data-index-in-node=\"0\">Grano 1000 (Cara de afilado):<\/b> Es el punto de partida ideal para herramientas que han perdido su capacidad de corte pero que no presentan da\u00f1os estructurales o muescas graves. Este grano elimina el metal de forma controlada, preparando el bisel y creando una base s\u00f3lida para el acabado posterior.<\/p>\n<\/li>\n<li>\n<p data-path-to-node=\"6,1,0\"><b data-path-to-node=\"6,1,0\" data-index-in-node=\"0\">Grano 6000 (Cara de pulido):<\/b> Una vez que el filo est\u00e1 definido, el paso al grano 6000 permite refinar el metal hasta alcanzar un acabado de espejo. Este proceso elimina las micro-rayaduras de la etapa anterior y deja un filo extremadamente afilado, ideal para cortes limpios que no desgarran las fibras de la madera.<\/p>\n<\/li>\n<\/ul>\n<h5 data-path-to-node=\"7\">Calidad de fabricaci\u00f3n y materiales<\/h5>\n<p data-path-to-node=\"8\">A diferencia de las piedras sint\u00e9ticas convencionales, esta piedra Yasunari est\u00e1 fabricada con corind\u00f3n de alta calidad. El corind\u00f3n es un material extremadamente duro y resistente al desgaste, lo que garantiza que la piedra mantenga su planitud por m\u00e1s tiempo y ofrezca una respuesta t\u00e1ctil superior durante el uso.<\/p>\n<p data-path-to-node=\"9\">La experiencia de afilado japon\u00e9s se caracteriza por la rapidez con la que se genera la pasta de afilado al contacto con el agua, permitiendo que las part\u00edculas abrasivas trabajen de manera \u00f3ptima sin necesidad de ejercer una presi\u00f3n excesiva.<\/p>\n<h5 data-path-to-node=\"10\">Estabilidad y seguridad en el taller<\/h5>\n<p data-path-to-node=\"11\">Uno de los aspectos que a menudo se descuida es la fijaci\u00f3n de la piedra. Este modelo incluye una base de goma antideslizante que asegura la pieza al banco de trabajo. Esto es fundamental para mantener un \u00e1ngulo de afilado constante y evitar accidentes, permitiendo que el usuario se concentre exclusivamente en el movimiento r\u00edtmico de la herramienta.<\/p>\n<h5 data-path-to-node=\"12\">Consejos para un mantenimiento \u00f3ptimo<\/h5>\n<p data-path-to-node=\"13\">Para maximizar la vida \u00fatil de su piedra Yasunari, recomendamos seguir estas pautas:<\/p>\n<ol start=\"1\" data-path-to-node=\"14\">\n<li>\n<p data-path-to-node=\"14,0,0\"><b data-path-to-node=\"14,0,0\" data-index-in-node=\"0\">Hidrataci\u00f3n:<\/b> Sumerja la piedra en agua hasta que dejen de salir burbujas antes de comenzar.<\/p>\n<\/li>\n<li>\n<p data-path-to-node=\"14,1,0\"><b data-path-to-node=\"14,1,0\" data-index-in-node=\"0\">Lubricaci\u00f3n constante:<\/b> Mantenga la superficie h\u00fameda durante todo el proceso para evitar que los poros se obstruyan con part\u00edculas met\u00e1licas.<\/p>\n<\/li>\n<li>\n<p data-path-to-node=\"14,2,0\"><b data-path-to-node=\"14,2,0\" data-index-in-node=\"0\">Rectificado:<\/b> Con el uso continuado, todas las piedras tienden a ahuecarse en el centro. Utilice peri\u00f3dicamente una piedra de rectificar para mantener la superficie perfectamente plana.<\/p>\n<\/li>\n<li>\n<p data-path-to-node=\"14,3,0\"><b data-path-to-node=\"14,3,0\" data-index-in-node=\"0\">Secado natural:<\/b> Tras el uso, deje que la piedra se seque al aire en un lugar ventilado y alejado de fuentes directas de calor.<\/p>\n<\/li>\n<\/ol>\t\t\t\t\t\t<\/div>\n\t\t\t\t<\/div>\n\t\t\t\t\t<\/div>\n\t\t\t\t<\/div>\n\t\t\t\t<\/div>\n\t\t","protected":false},"excerpt":{"rendered":"<p>Mantener las herramientas de corte en perfectas condiciones no es solo una cuesti\u00f3n de eficiencia, sino tambi\u00e9n de seguridad y respeto por el material que trabajamos.<\/p>\n","protected":false},"author":1,"featured_media":722,"comment_status":"open","ping_status":"open","sticky":false,"template":"","format":"standard","meta":{"_themeisle_gutenberg_block_has_review":false,"footnotes":""},"categories":[3],"tags":[],"class_list":["post-721","post","type-post","status-publish","format-standard","has-post-thumbnail","hentry","category-colaboradores"],"_links":{"self":[{"href":"https:\/\/feriadecuchilleriademadrid.com\/index.php\/wp-json\/wp\/v2\/posts\/721","targetHints":{"allow":["GET"]}}],"collection":[{"href":"https:\/\/feriadecuchilleriademadrid.com\/index.php\/wp-json\/wp\/v2\/posts"}],"about":[{"href":"https:\/\/feriadecuchilleriademadrid.com\/index.php\/wp-json\/wp\/v2\/types\/post"}],"author":[{"embeddable":true,"href":"https:\/\/feriadecuchilleriademadrid.com\/index.php\/wp-json\/wp\/v2\/users\/1"}],"replies":[{"embeddable":true,"href":"https:\/\/feriadecuchilleriademadrid.com\/index.php\/wp-json\/wp\/v2\/comments?post=721"}],"version-history":[{"count":4,"href":"https:\/\/feriadecuchilleriademadrid.com\/index.php\/wp-json\/wp\/v2\/posts\/721\/revisions"}],"predecessor-version":[{"id":728,"href":"https:\/\/feriadecuchilleriademadrid.com\/index.php\/wp-json\/wp\/v2\/posts\/721\/revisions\/728"}],"wp:featuredmedia":[{"embeddable":true,"href":"https:\/\/feriadecuchilleriademadrid.com\/index.php\/wp-json\/wp\/v2\/media\/722"}],"wp:attachment":[{"href":"https:\/\/feriadecuchilleriademadrid.com\/index.php\/wp-json\/wp\/v2\/media?parent=721"}],"wp:term":[{"taxonomy":"category","embeddable":true,"href":"https:\/\/feriadecuchilleriademadrid.com\/index.php\/wp-json\/wp\/v2\/categories?post=721"},{"taxonomy":"post_tag","embeddable":true,"href":"https:\/\/feriadecuchilleriademadrid.com\/index.php\/wp-json\/wp\/v2\/tags?post=721"}],"curies":[{"name":"wp","href":"https:\/\/api.w.org\/{rel}","templated":true}]}}