{"id":334,"date":"2025-02-16T19:49:37","date_gmt":"2025-02-16T18:49:37","guid":{"rendered":"https:\/\/feriadecuchilleriademadrid.com\/?p=334"},"modified":"2025-03-21T20:37:46","modified_gmt":"2025-03-21T19:37:46","slug":"aun-no-sabes-quienes-son-los-expositores-2025","status":"publish","type":"post","link":"https:\/\/feriadecuchilleriademadrid.com\/index.php\/2025\/02\/16\/aun-no-sabes-quienes-son-los-expositores-2025\/","title":{"rendered":"Estos son los EXPOSITORES 2025"},"content":{"rendered":"\t\t<div data-elementor-type=\"wp-post\" data-elementor-id=\"334\" class=\"elementor elementor-334\">\n\t\t\t\t<div class=\"elementor-element elementor-element-0e46f7b e-flex e-con-boxed e-con e-parent\" data-id=\"0e46f7b\" data-element_type=\"container\">\n\t\t\t\t\t<div class=\"e-con-inner\">\n\t\t\t\t<div class=\"elementor-element elementor-element-1121190 elementor-widget elementor-widget-text-editor\" data-id=\"1121190\" data-element_type=\"widget\" data-widget_type=\"text-editor.default\">\n\t\t\t\t<div class=\"elementor-widget-container\">\n\t\t\t\t\t\t\t<p>No queremos que tengas ni la m\u00e1s m\u00ednima duda de qui\u00e9nes ser\u00e1n los expositores que formar\u00e1n parte de la pr\u00f3xima Feria de Cuchiller\u00eda de Madrid 2025, es por ello que te ponemos por aqu\u00ed a los nombres de las marcas y artesanos que asistir\u00e1n en esta convocatoria.<\/p><ul><li>Aceros Llobregat<\/li><li>Antonio Torres<\/li><li>Agust\u00edn Garc\u00eda<\/li><li>Antonio M\u00e9ndez<\/li><li>Alberto Rodr\u00edguez Estevan<\/li><li>Antonio Riofr\u00edo L\u00f3pez<\/li><li>APRECU<\/li><li>Aral Leatherworks<\/li><li>Arctic Antiques<\/li><li>Bastard Knives<\/li><li>Burotatxo<\/li><li>Carlo Cabed\u00f3n<\/li><li>Celestino P\u00e9rez<\/li><li>Coutellerie Tofbarteam<\/li><li>Cristian Silva<\/li><li>Cuchiller\u00eda Navarro<\/li><li>Cuchiller\u00eda Taramundi<\/li><li>Cuchiller\u00eda Walter<\/li><li>Cuchillos Carre<\/li><li>Cuchillos Chiki<\/li><li>Cuchillos del Zaval<\/li><li>Cuchillos Don Lu\u00eds<\/li><li>Cuchillos M. Rei<\/li><li>Cuchillos Medrano<\/li><li>Cuchillos UZ<\/li><li>Dembora Aizto<\/li><li>DobleOKnives<\/li><li>Dragos Ionut Ungureanu<\/li><li>Eduardo Cadelo<\/li><li>Escuela Valenciana de Cuchiller\u00eda<\/li><li>Esteller<\/li><li>F. V. Navajas Taramundi<\/li><li>Fantastic Factory Studio<\/li><li>Fco. Javier Exp\u00f3sito<\/li><li>Fierros del G\u00fcerna<\/li><li>Forester<\/li><li>Forja Celta<\/li><li>Forjados Corona<\/li><li>Francisco Gon\u00e7alves Cangueiro<\/li><li>Fundas RK<\/li><li>Ganivet Nil Fonser\u00e8<\/li><li>Garcimonte<\/li><li>Germ\u00e1n Perconti<\/li><li>Gilberto Ferreira<\/li><li>Hachas Artesanas Jauregui<\/li><li>Hydra Knives<\/li><li>Iv\u00e1n Campos<\/li><li>J. Jacobo Rodr\u00edguez<\/li><li>Javier Ahumada de la Flor<\/li><li>Javier Hern\u00e1n S\u00e1inz<\/li><li>Jes\u00fas Arias<\/li><li>Jes\u00fas Burrueco<\/li><li>Jes\u00fas Loma<\/li><li>Joan Gallego Fern\u00e1ndez<\/li><li>Joan P\u00e9rez<\/li><li>Jos\u00e9 Carballido<\/li><li>Josep Bertr\u00e1n<\/li><li>Koba Knife<\/li><li>Las Joyas de Vulcano<\/li><li>Madrileather<\/li><li>Mat\u00edas Torres Orlando<\/li><li>MCK<\/li><li>Mercorne Pome Castanier<\/li><li>Miguel Barbudo<\/li><li>Navajas Ponce<\/li><li>Nichei Marius<\/li><li>Oliver Su\u00e1rez<\/li><li>Otonnello<\/li><li>Pablo Lunanova<\/li><li>Pablo Plaza<\/li><li>Paco Margarit<\/li><li>Param\u00e1s<\/li><li>Paulo Tuna<\/li><li>Comercial Pazos<\/li><li>Pedro Moreno<\/li><li>Pedro Rodr\u00edguez Moreno<\/li><li>PG Artesanos<\/li><li>Ram\u00f3n Gonz\u00e1lez<\/li><li>Roberto Garc\u00eda Falc\u00f3n<\/li><li>ROS Abrasivos<\/li><li>Safari Master<\/li><li>Savannah<\/li><li>Tandy<\/li><li>Tom\u00e1s Montalvo<\/li><li>Vincent Henry<\/li><li>Lasercom<\/li><\/ul>\t\t\t\t\t\t<\/div>\n\t\t\t\t<\/div>\n\t\t\t\t\t<\/div>\n\t\t\t\t<\/div>\n\t\t\t\t<\/div>\n\t\t","protected":false},"excerpt":{"rendered":"<p>Ya sabemos los nombres de las marcas y artesanos que formar\u00e1n parte de la plantilla de expositores en la feria de cuchiller\u00eda de Madrid 2025. <\/p>\n","protected":false},"author":1,"featured_media":335,"comment_status":"open","ping_status":"open","sticky":false,"template":"","format":"standard","meta":{"_themeisle_gutenberg_block_has_review":false,"footnotes":""},"categories":[4],"tags":[],"class_list":["post-334","post","type-post","status-publish","format-standard","has-post-thumbnail","hentry","category-actividades"],"_links":{"self":[{"href":"https:\/\/feriadecuchilleriademadrid.com\/index.php\/wp-json\/wp\/v2\/posts\/334","targetHints":{"allow":["GET"]}}],"collection":[{"href":"https:\/\/feriadecuchilleriademadrid.com\/index.php\/wp-json\/wp\/v2\/posts"}],"about":[{"href":"https:\/\/feriadecuchilleriademadrid.com\/index.php\/wp-json\/wp\/v2\/types\/post"}],"author":[{"embeddable":true,"href":"https:\/\/feriadecuchilleriademadrid.com\/index.php\/wp-json\/wp\/v2\/users\/1"}],"replies":[{"embeddable":true,"href":"https:\/\/feriadecuchilleriademadrid.com\/index.php\/wp-json\/wp\/v2\/comments?post=334"}],"version-history":[{"count":10,"href":"https:\/\/feriadecuchilleriademadrid.com\/index.php\/wp-json\/wp\/v2\/posts\/334\/revisions"}],"predecessor-version":[{"id":347,"href":"https:\/\/feriadecuchilleriademadrid.com\/index.php\/wp-json\/wp\/v2\/posts\/334\/revisions\/347"}],"wp:featuredmedia":[{"embeddable":true,"href":"https:\/\/feriadecuchilleriademadrid.com\/index.php\/wp-json\/wp\/v2\/media\/335"}],"wp:attachment":[{"href":"https:\/\/feriadecuchilleriademadrid.com\/index.php\/wp-json\/wp\/v2\/media?parent=334"}],"wp:term":[{"taxonomy":"category","embeddable":true,"href":"https:\/\/feriadecuchilleriademadrid.com\/index.php\/wp-json\/wp\/v2\/categories?post=334"},{"taxonomy":"post_tag","embeddable":true,"href":"https:\/\/feriadecuchilleriademadrid.com\/index.php\/wp-json\/wp\/v2\/tags?post=334"}],"curies":[{"name":"wp","href":"https:\/\/api.w.org\/{rel}","templated":true}]}}